{"id":255,"date":"2012-02-10T13:23:20","date_gmt":"2012-02-10T11:23:20","guid":{"rendered":"http:\/\/hosting236241.ae858.netcup.net\/?p=255"},"modified":"2016-02-14T21:39:25","modified_gmt":"2016-02-14T19:39:25","slug":"wie-alles-anfing","status":"publish","type":"post","link":"https:\/\/mane-musik.de\/?p=255","title":{"rendered":"Wie alles anfing&#8230;"},"content":{"rendered":"<p>Im Fr\u00fchjahr 2012: Ich treffe mich nach langer Zeit mal wieder mit <strong>Dennis<\/strong>, dem Bassisten meiner alten Band <strong>Under 10 Moons<\/strong>, um ihn zu fragen, ob er einen Gitarristen kennt, der mich bei meinen neuen Songs begleiten k\u00f6nnte. Bei einem leckeren Fr\u00fchst\u00fcck stellt sich heraus, dass er zuf\u00e4lligerweise auch Gitarre spielt&#8230; ein Duo war geboren!<\/p>\n<p><a href=\"https:\/\/mane-musik.de\/wp-content\/uploads\/2012\/02\/UTM.jpg\" rel=\"attachment wp-att-258\"><img loading=\"lazy\" decoding=\"async\" class=\"wp-image-258 size-full alignleft\" src=\"https:\/\/mane-musik.de\/wp-content\/uploads\/2012\/02\/UTM.jpg\" alt=\"UTM\" width=\"242\" height=\"364\" srcset=\"https:\/\/mane-musik.de\/wp-content\/uploads\/2012\/02\/UTM.jpg 242w, https:\/\/mane-musik.de\/wp-content\/uploads\/2012\/02\/UTM-199x300.jpg 199w\" sizes=\"auto, (max-width: 242px) 100vw, 242px\" \/><\/a>Hier seht Ihr, wie wir in unserer gemeinsamen Bandzeit aussahen &#8211; Mann, waren wir jung&#8230; \ud83d\ude42<\/p>\n<p>Under 10 Moons 2002: Anne, Mane, Dennis, Micha, Oli<br \/>\n(<em>Foto: Markus Spannknebel<\/em>)<\/p>\n","protected":false},"excerpt":{"rendered":"<p>Im Fr\u00fchjahr 2012: Ich treffe mich nach langer Zeit mal wieder mit Dennis, dem Bassisten meiner alten Band Under 10 Moons, um ihn zu fragen, ob er einen Gitarristen kennt, der mich bei meinen neuen Songs begleiten k\u00f6nnte. Bei einem leckeren Fr\u00fchst\u00fcck stellt sich heraus, dass er zuf\u00e4lligerweise auch Gitarre spielt&#8230; ein Duo war geboren! &hellip; <\/p>\n<p class=\"link-more\"><a href=\"https:\/\/mane-musik.de\/?p=255\" class=\"more-link\"><span class=\"screen-reader-text\">\u201eWie alles anfing&#8230;\u201c <\/span>weiterlesen<\/a><\/p>\n","protected":false},"author":1,"featured_media":0,"comment_status":"open","ping_status":"open","sticky":false,"template":"","format":"standard","meta":{"footnotes":""},"categories":[1],"tags":[],"class_list":["post-255","post","type-post","status-publish","format-standard","hentry","category-allgemein"],"_links":{"self":[{"href":"https:\/\/mane-musik.de\/index.php?rest_route=\/wp\/v2\/posts\/255","targetHints":{"allow":["GET"]}}],"collection":[{"href":"https:\/\/mane-musik.de\/index.php?rest_route=\/wp\/v2\/posts"}],"about":[{"href":"https:\/\/mane-musik.de\/index.php?rest_route=\/wp\/v2\/types\/post"}],"author":[{"embeddable":true,"href":"https:\/\/mane-musik.de\/index.php?rest_route=\/wp\/v2\/users\/1"}],"replies":[{"embeddable":true,"href":"https:\/\/mane-musik.de\/index.php?rest_route=%2Fwp%2Fv2%2Fcomments&post=255"}],"version-history":[{"count":10,"href":"https:\/\/mane-musik.de\/index.php?rest_route=\/wp\/v2\/posts\/255\/revisions"}],"predecessor-version":[{"id":357,"href":"https:\/\/mane-musik.de\/index.php?rest_route=\/wp\/v2\/posts\/255\/revisions\/357"}],"wp:attachment":[{"href":"https:\/\/mane-musik.de\/index.php?rest_route=%2Fwp%2Fv2%2Fmedia&parent=255"}],"wp:term":[{"taxonomy":"category","embeddable":true,"href":"https:\/\/mane-musik.de\/index.php?rest_route=%2Fwp%2Fv2%2Fcategories&post=255"},{"taxonomy":"post_tag","embeddable":true,"href":"https:\/\/mane-musik.de\/index.php?rest_route=%2Fwp%2Fv2%2Ftags&post=255"}],"curies":[{"name":"wp","href":"https:\/\/api.w.org\/{rel}","templated":true}]}}